{"id":1179,"date":"2024-07-29T09:50:51","date_gmt":"2024-07-29T07:50:51","guid":{"rendered":"https:\/\/lesmaisonscab.com\/richard-nonas-une-exposition-a-la-fondation-cab-de-bruxelles\/"},"modified":"2024-07-30T19:56:34","modified_gmt":"2024-07-30T17:56:34","slug":"richard-nonas-une-exposition-a-la-fondation-cab-de-bruxelles","status":"publish","type":"post","link":"https:\/\/lesmaisonscab.com\/en\/richard-nonas-une-exposition-a-la-fondation-cab-de-bruxelles\/","title":{"rendered":"Richard Nonas: An Exhibition at FONDATION CAB in Brussels"},"content":{"rendered":"<p>The Fondation CAB in Brussels is honored to present an exhibition dedicated to Richard Nonas, the American artist renowned for his minimalist sculptures crafted from wood, metal, and stone. His works transform our perception of spaces, creating sensations of stability and imbalance.<\/p><h2>A Unique Journey<\/h2><p>Nonas, a former ethnologist who lived with Indigenous people in the Sonoran Desert of Mexico, developed a critique of traditional architecture with the Anarchitecture group in the 1970s. His artistic work remains deeply influenced by his background in ethnology.<\/p><h2>Featured Works<\/h2><p>Key pieces in the exhibition include wooden sculptures extending across the walls of the Fondation, creating a tension between emptiness and volume. Stone blocks arranged on the floor invite visitors to redefine their movement through the space. Additionally, more intimate works on paper complete this immersive experience into Nonas' universe.<\/p><h2>Reflection on Art and Architecture<\/h2><p>Nonas explores the boundaries between art and architecture, natural and artificial. His seemingly simple works offer a profound reflection on our relationship with objects and spaces.<\/p><h2>Practical Information<\/h2><p>Dates: September 7 - December 21, 2024<br \/>Hours: Wednesday to Saturday, 12 PM to 6 PM<br \/>Press Contact: jennifer@fondationcab.com<\/p><p>In collaboration with Galerie Christophe Gaillard and the Estate Richard Nonas, this exhibition provides a unique opportunity to delve into the world of Richard Nonas at the Fondation CAB in Brussels.<\/p><p>&nbsp;<\/p><p>&nbsp;<\/p>","protected":false},"excerpt":{"rendered":"<p>La FONDATION CAB de Bruxelles pr\u00e9sente une exposition d\u00e9di\u00e9e \u00e0 Richard Nonas (1936-2021), artiste am\u00e9ricain connu pour ses sculptures minimalistes en bois, m\u00e9tal et pierre. Ses \u0153uvres transforment notre perception des lieux, cr\u00e9ant des sensations de stabilit\u00e9 et de d\u00e9s\u00e9quilibre.<\/p>\n","protected":false},"author":2,"featured_media":1174,"comment_status":"closed","ping_status":"closed","sticky":false,"template":"","format":"standard","meta":{"_acf_changed":false,"footnotes":""},"categories":[1],"tags":[],"class_list":["post-1179","post","type-post","status-publish","format-standard","has-post-thumbnail","hentry","category-non-classifiee"],"acf":[],"yoast_head":"<!-- This site is optimized with the Yoast SEO plugin v27.2 - https:\/\/yoast.com\/product\/yoast-seo-wordpress\/ -->\n<title>Richard Nonas: An Exhibition at FONDATION CAB in Brussels - Les Maisons CAB<\/title>\n<meta name=\"robots\" content=\"index, follow, max-snippet:-1, max-image-preview:large, max-video-preview:-1\" \/>\n<link rel=\"canonical\" href=\"https:\/\/lesmaisonscab.com\/en\/richard-nonas-une-exposition-a-la-fondation-cab-de-bruxelles\/\" \/>\n<meta property=\"og:locale\" content=\"en_US\" \/>\n<meta property=\"og:type\" content=\"article\" \/>\n<meta property=\"og:title\" content=\"Richard Nonas: An Exhibition at FONDATION CAB in Brussels - Les Maisons CAB\" \/>\n<meta property=\"og:description\" content=\"La FONDATION CAB de Bruxelles pr\u00e9sente une exposition d\u00e9di\u00e9e \u00e0 Richard Nonas (1936-2021), artiste am\u00e9ricain connu pour ses sculptures minimalistes en bois, m\u00e9tal et pierre. Ses \u0153uvres transforment notre perception des lieux, cr\u00e9ant des sensations de stabilit\u00e9 et de d\u00e9s\u00e9quilibre.\" \/>\n<meta property=\"og:url\" content=\"https:\/\/lesmaisonscab.com\/en\/richard-nonas-une-exposition-a-la-fondation-cab-de-bruxelles\/\" \/>\n<meta property=\"og:site_name\" content=\"Les Maisons CAB\" \/>\n<meta property=\"article:published_time\" content=\"2024-07-29T07:50:51+00:00\" \/>\n<meta property=\"article:modified_time\" content=\"2024-07-30T17:56:34+00:00\" \/>\n<meta property=\"og:image\" content=\"https:\/\/lesmaisonscab.com\/app\/uploads\/2024\/07\/cp-fr.jpg\" \/>\n\t<meta property=\"og:image:width\" content=\"1305\" \/>\n\t<meta property=\"og:image:height\" content=\"871\" \/>\n\t<meta property=\"og:image:type\" content=\"image\/jpeg\" \/>\n<meta name=\"author\" content=\"simon\" \/>\n<meta name=\"twitter:card\" content=\"summary_large_image\" \/>\n<meta name=\"twitter:label1\" content=\"Written by\" \/>\n\t<meta name=\"twitter:data1\" content=\"simon\" \/>\n\t<meta name=\"twitter:label2\" content=\"Est. reading time\" \/>\n\t<meta name=\"twitter:data2\" content=\"2 minutes\" \/>\n<script type=\"application\/ld+json\" class=\"yoast-schema-graph\">{\"@context\":\"https:\/\/schema.org\",\"@graph\":[{\"@type\":\"Article\",\"@id\":\"https:\/\/lesmaisonscab.com\/en\/richard-nonas-une-exposition-a-la-fondation-cab-de-bruxelles\/#article\",\"isPartOf\":{\"@id\":\"https:\/\/lesmaisonscab.com\/en\/richard-nonas-une-exposition-a-la-fondation-cab-de-bruxelles\/\"},\"author\":{\"name\":\"simon\",\"@id\":\"https:\/\/lesmaisonscab.com\/en\/#\/schema\/person\/3bd317452b952f132453c150fcfe809f\"},\"headline\":\"Richard Nonas: An Exhibition at FONDATION CAB in Brussels\",\"datePublished\":\"2024-07-29T07:50:51+00:00\",\"dateModified\":\"2024-07-30T17:56:34+00:00\",\"mainEntityOfPage\":{\"@id\":\"https:\/\/lesmaisonscab.com\/en\/richard-nonas-une-exposition-a-la-fondation-cab-de-bruxelles\/\"},\"wordCount\":226,\"publisher\":{\"@id\":\"https:\/\/lesmaisonscab.com\/en\/#organization\"},\"image\":{\"@id\":\"https:\/\/lesmaisonscab.com\/en\/richard-nonas-une-exposition-a-la-fondation-cab-de-bruxelles\/#primaryimage\"},\"thumbnailUrl\":\"https:\/\/lesmaisonscab.com\/app\/uploads\/2024\/07\/cp-fr.jpg\",\"articleSection\":[\"Non classifi\u00e9(e)\"],\"inLanguage\":\"en-US\"},{\"@type\":\"WebPage\",\"@id\":\"https:\/\/lesmaisonscab.com\/en\/richard-nonas-une-exposition-a-la-fondation-cab-de-bruxelles\/\",\"url\":\"https:\/\/lesmaisonscab.com\/en\/richard-nonas-une-exposition-a-la-fondation-cab-de-bruxelles\/\",\"name\":\"Richard Nonas: An Exhibition at FONDATION CAB in Brussels - Les Maisons CAB\",\"isPartOf\":{\"@id\":\"https:\/\/lesmaisonscab.com\/en\/#website\"},\"primaryImageOfPage\":{\"@id\":\"https:\/\/lesmaisonscab.com\/en\/richard-nonas-une-exposition-a-la-fondation-cab-de-bruxelles\/#primaryimage\"},\"image\":{\"@id\":\"https:\/\/lesmaisonscab.com\/en\/richard-nonas-une-exposition-a-la-fondation-cab-de-bruxelles\/#primaryimage\"},\"thumbnailUrl\":\"https:\/\/lesmaisonscab.com\/app\/uploads\/2024\/07\/cp-fr.jpg\",\"datePublished\":\"2024-07-29T07:50:51+00:00\",\"dateModified\":\"2024-07-30T17:56:34+00:00\",\"breadcrumb\":{\"@id\":\"https:\/\/lesmaisonscab.com\/en\/richard-nonas-une-exposition-a-la-fondation-cab-de-bruxelles\/#breadcrumb\"},\"inLanguage\":\"en-US\",\"potentialAction\":[{\"@type\":\"ReadAction\",\"target\":[\"https:\/\/lesmaisonscab.com\/en\/richard-nonas-une-exposition-a-la-fondation-cab-de-bruxelles\/\"]}]},{\"@type\":\"ImageObject\",\"inLanguage\":\"en-US\",\"@id\":\"https:\/\/lesmaisonscab.com\/en\/richard-nonas-une-exposition-a-la-fondation-cab-de-bruxelles\/#primaryimage\",\"url\":\"https:\/\/lesmaisonscab.com\/app\/uploads\/2024\/07\/cp-fr.jpg\",\"contentUrl\":\"https:\/\/lesmaisonscab.com\/app\/uploads\/2024\/07\/cp-fr.jpg\",\"width\":1305,\"height\":871},{\"@type\":\"BreadcrumbList\",\"@id\":\"https:\/\/lesmaisonscab.com\/en\/richard-nonas-une-exposition-a-la-fondation-cab-de-bruxelles\/#breadcrumb\",\"itemListElement\":[{\"@type\":\"ListItem\",\"position\":1,\"name\":\"Home\",\"item\":\"https:\/\/lesmaisonscab.com\/en\/\"},{\"@type\":\"ListItem\",\"position\":2,\"name\":\"Richard Nonas: An Exhibition at FONDATION CAB in Brussels\"}]},{\"@type\":\"WebSite\",\"@id\":\"https:\/\/lesmaisonscab.com\/en\/#website\",\"url\":\"https:\/\/lesmaisonscab.com\/en\/\",\"name\":\"Les Maisons CAB\",\"description\":\"R\u00e9sidences d&#039;exception, art et raffinement\",\"publisher\":{\"@id\":\"https:\/\/lesmaisonscab.com\/en\/#organization\"},\"potentialAction\":[{\"@type\":\"SearchAction\",\"target\":{\"@type\":\"EntryPoint\",\"urlTemplate\":\"https:\/\/lesmaisonscab.com\/en\/?s={search_term_string}\"},\"query-input\":{\"@type\":\"PropertyValueSpecification\",\"valueRequired\":true,\"valueName\":\"search_term_string\"}}],\"inLanguage\":\"en-US\"},{\"@type\":\"Organization\",\"@id\":\"https:\/\/lesmaisonscab.com\/en\/#organization\",\"name\":\"Les Maisons CAB\",\"url\":\"https:\/\/lesmaisonscab.com\/en\/\",\"logo\":{\"@type\":\"ImageObject\",\"inLanguage\":\"en-US\",\"@id\":\"https:\/\/lesmaisonscab.com\/en\/#\/schema\/logo\/image\/\",\"url\":\"https:\/\/lesmaisonscab.com\/app\/uploads\/2024\/06\/logo-noir.png\",\"contentUrl\":\"https:\/\/lesmaisonscab.com\/app\/uploads\/2024\/06\/logo-noir.png\",\"width\":1035,\"height\":546,\"caption\":\"Les Maisons CAB\"},\"image\":{\"@id\":\"https:\/\/lesmaisonscab.com\/en\/#\/schema\/logo\/image\/\"},\"sameAs\":[\"https:\/\/www.instagram.com\/lesmaisonscab\/\"]},{\"@type\":\"Person\",\"@id\":\"https:\/\/lesmaisonscab.com\/en\/#\/schema\/person\/3bd317452b952f132453c150fcfe809f\",\"name\":\"simon\",\"image\":{\"@type\":\"ImageObject\",\"inLanguage\":\"en-US\",\"@id\":\"https:\/\/secure.gravatar.com\/avatar\/eebc0f03c1a6b0511248d46a15165afe271c96d7336a54976893ebce6c5257a6?s=96&d=mm&r=g\",\"url\":\"https:\/\/secure.gravatar.com\/avatar\/eebc0f03c1a6b0511248d46a15165afe271c96d7336a54976893ebce6c5257a6?s=96&d=mm&r=g\",\"contentUrl\":\"https:\/\/secure.gravatar.com\/avatar\/eebc0f03c1a6b0511248d46a15165afe271c96d7336a54976893ebce6c5257a6?s=96&d=mm&r=g\",\"caption\":\"simon\"}}]}<\/script>\n<!-- \/ Yoast SEO plugin. -->","yoast_head_json":{"title":"Richard Nonas: An Exhibition at FONDATION CAB in Brussels - Les Maisons CAB","robots":{"index":"index","follow":"follow","max-snippet":"max-snippet:-1","max-image-preview":"max-image-preview:large","max-video-preview":"max-video-preview:-1"},"canonical":"https:\/\/lesmaisonscab.com\/en\/richard-nonas-une-exposition-a-la-fondation-cab-de-bruxelles\/","og_locale":"en_US","og_type":"article","og_title":"Richard Nonas: An Exhibition at FONDATION CAB in Brussels - Les Maisons CAB","og_description":"La FONDATION CAB de Bruxelles pr\u00e9sente une exposition d\u00e9di\u00e9e \u00e0 Richard Nonas (1936-2021), artiste am\u00e9ricain connu pour ses sculptures minimalistes en bois, m\u00e9tal et pierre. Ses \u0153uvres transforment notre perception des lieux, cr\u00e9ant des sensations de stabilit\u00e9 et de d\u00e9s\u00e9quilibre.","og_url":"https:\/\/lesmaisonscab.com\/en\/richard-nonas-une-exposition-a-la-fondation-cab-de-bruxelles\/","og_site_name":"Les Maisons CAB","article_published_time":"2024-07-29T07:50:51+00:00","article_modified_time":"2024-07-30T17:56:34+00:00","og_image":[{"width":1305,"height":871,"url":"https:\/\/lesmaisonscab.com\/app\/uploads\/2024\/07\/cp-fr.jpg","type":"image\/jpeg"}],"author":"simon","twitter_card":"summary_large_image","twitter_misc":{"Written by":"simon","Est. reading time":"2 minutes"},"schema":{"@context":"https:\/\/schema.org","@graph":[{"@type":"Article","@id":"https:\/\/lesmaisonscab.com\/en\/richard-nonas-une-exposition-a-la-fondation-cab-de-bruxelles\/#article","isPartOf":{"@id":"https:\/\/lesmaisonscab.com\/en\/richard-nonas-une-exposition-a-la-fondation-cab-de-bruxelles\/"},"author":{"name":"simon","@id":"https:\/\/lesmaisonscab.com\/en\/#\/schema\/person\/3bd317452b952f132453c150fcfe809f"},"headline":"Richard Nonas: An Exhibition at FONDATION CAB in Brussels","datePublished":"2024-07-29T07:50:51+00:00","dateModified":"2024-07-30T17:56:34+00:00","mainEntityOfPage":{"@id":"https:\/\/lesmaisonscab.com\/en\/richard-nonas-une-exposition-a-la-fondation-cab-de-bruxelles\/"},"wordCount":226,"publisher":{"@id":"https:\/\/lesmaisonscab.com\/en\/#organization"},"image":{"@id":"https:\/\/lesmaisonscab.com\/en\/richard-nonas-une-exposition-a-la-fondation-cab-de-bruxelles\/#primaryimage"},"thumbnailUrl":"https:\/\/lesmaisonscab.com\/app\/uploads\/2024\/07\/cp-fr.jpg","articleSection":["Non classifi\u00e9(e)"],"inLanguage":"en-US"},{"@type":"WebPage","@id":"https:\/\/lesmaisonscab.com\/en\/richard-nonas-une-exposition-a-la-fondation-cab-de-bruxelles\/","url":"https:\/\/lesmaisonscab.com\/en\/richard-nonas-une-exposition-a-la-fondation-cab-de-bruxelles\/","name":"Richard Nonas: An Exhibition at FONDATION CAB in Brussels - Les Maisons CAB","isPartOf":{"@id":"https:\/\/lesmaisonscab.com\/en\/#website"},"primaryImageOfPage":{"@id":"https:\/\/lesmaisonscab.com\/en\/richard-nonas-une-exposition-a-la-fondation-cab-de-bruxelles\/#primaryimage"},"image":{"@id":"https:\/\/lesmaisonscab.com\/en\/richard-nonas-une-exposition-a-la-fondation-cab-de-bruxelles\/#primaryimage"},"thumbnailUrl":"https:\/\/lesmaisonscab.com\/app\/uploads\/2024\/07\/cp-fr.jpg","datePublished":"2024-07-29T07:50:51+00:00","dateModified":"2024-07-30T17:56:34+00:00","breadcrumb":{"@id":"https:\/\/lesmaisonscab.com\/en\/richard-nonas-une-exposition-a-la-fondation-cab-de-bruxelles\/#breadcrumb"},"inLanguage":"en-US","potentialAction":[{"@type":"ReadAction","target":["https:\/\/lesmaisonscab.com\/en\/richard-nonas-une-exposition-a-la-fondation-cab-de-bruxelles\/"]}]},{"@type":"ImageObject","inLanguage":"en-US","@id":"https:\/\/lesmaisonscab.com\/en\/richard-nonas-une-exposition-a-la-fondation-cab-de-bruxelles\/#primaryimage","url":"https:\/\/lesmaisonscab.com\/app\/uploads\/2024\/07\/cp-fr.jpg","contentUrl":"https:\/\/lesmaisonscab.com\/app\/uploads\/2024\/07\/cp-fr.jpg","width":1305,"height":871},{"@type":"BreadcrumbList","@id":"https:\/\/lesmaisonscab.com\/en\/richard-nonas-une-exposition-a-la-fondation-cab-de-bruxelles\/#breadcrumb","itemListElement":[{"@type":"ListItem","position":1,"name":"Home","item":"https:\/\/lesmaisonscab.com\/en\/"},{"@type":"ListItem","position":2,"name":"Richard Nonas: An Exhibition at FONDATION CAB in Brussels"}]},{"@type":"WebSite","@id":"https:\/\/lesmaisonscab.com\/en\/#website","url":"https:\/\/lesmaisonscab.com\/en\/","name":"Les Maisons CAB","description":"R\u00e9sidences d&#039;exception, art et raffinement","publisher":{"@id":"https:\/\/lesmaisonscab.com\/en\/#organization"},"potentialAction":[{"@type":"SearchAction","target":{"@type":"EntryPoint","urlTemplate":"https:\/\/lesmaisonscab.com\/en\/?s={search_term_string}"},"query-input":{"@type":"PropertyValueSpecification","valueRequired":true,"valueName":"search_term_string"}}],"inLanguage":"en-US"},{"@type":"Organization","@id":"https:\/\/lesmaisonscab.com\/en\/#organization","name":"Les Maisons CAB","url":"https:\/\/lesmaisonscab.com\/en\/","logo":{"@type":"ImageObject","inLanguage":"en-US","@id":"https:\/\/lesmaisonscab.com\/en\/#\/schema\/logo\/image\/","url":"https:\/\/lesmaisonscab.com\/app\/uploads\/2024\/06\/logo-noir.png","contentUrl":"https:\/\/lesmaisonscab.com\/app\/uploads\/2024\/06\/logo-noir.png","width":1035,"height":546,"caption":"Les Maisons CAB"},"image":{"@id":"https:\/\/lesmaisonscab.com\/en\/#\/schema\/logo\/image\/"},"sameAs":["https:\/\/www.instagram.com\/lesmaisonscab\/"]},{"@type":"Person","@id":"https:\/\/lesmaisonscab.com\/en\/#\/schema\/person\/3bd317452b952f132453c150fcfe809f","name":"simon","image":{"@type":"ImageObject","inLanguage":"en-US","@id":"https:\/\/secure.gravatar.com\/avatar\/eebc0f03c1a6b0511248d46a15165afe271c96d7336a54976893ebce6c5257a6?s=96&d=mm&r=g","url":"https:\/\/secure.gravatar.com\/avatar\/eebc0f03c1a6b0511248d46a15165afe271c96d7336a54976893ebce6c5257a6?s=96&d=mm&r=g","contentUrl":"https:\/\/secure.gravatar.com\/avatar\/eebc0f03c1a6b0511248d46a15165afe271c96d7336a54976893ebce6c5257a6?s=96&d=mm&r=g","caption":"simon"}}]}},"_links":{"self":[{"href":"https:\/\/lesmaisonscab.com\/en\/wp-json\/wp\/v2\/posts\/1179","targetHints":{"allow":["GET"]}}],"collection":[{"href":"https:\/\/lesmaisonscab.com\/en\/wp-json\/wp\/v2\/posts"}],"about":[{"href":"https:\/\/lesmaisonscab.com\/en\/wp-json\/wp\/v2\/types\/post"}],"author":[{"embeddable":true,"href":"https:\/\/lesmaisonscab.com\/en\/wp-json\/wp\/v2\/users\/2"}],"replies":[{"embeddable":true,"href":"https:\/\/lesmaisonscab.com\/en\/wp-json\/wp\/v2\/comments?post=1179"}],"version-history":[{"count":2,"href":"https:\/\/lesmaisonscab.com\/en\/wp-json\/wp\/v2\/posts\/1179\/revisions"}],"predecessor-version":[{"id":1228,"href":"https:\/\/lesmaisonscab.com\/en\/wp-json\/wp\/v2\/posts\/1179\/revisions\/1228"}],"wp:featuredmedia":[{"embeddable":true,"href":"https:\/\/lesmaisonscab.com\/en\/wp-json\/wp\/v2\/media\/1174"}],"wp:attachment":[{"href":"https:\/\/lesmaisonscab.com\/en\/wp-json\/wp\/v2\/media?parent=1179"}],"wp:term":[{"taxonomy":"category","embeddable":true,"href":"https:\/\/lesmaisonscab.com\/en\/wp-json\/wp\/v2\/categories?post=1179"},{"taxonomy":"post_tag","embeddable":true,"href":"https:\/\/lesmaisonscab.com\/en\/wp-json\/wp\/v2\/tags?post=1179"}],"curies":[{"name":"wp","href":"https:\/\/api.w.org\/{rel}","templated":true}]}}