{"id":1177,"date":"2024-07-29T09:38:52","date_gmt":"2024-07-29T07:38:52","guid":{"rendered":"https:\/\/lesmaisonscab.com\/un-ete-rayonnant-a-la-fondation-cab-art-nature-et-convivialite-a-saint-paul-de-vence\/"},"modified":"2024-07-30T19:54:51","modified_gmt":"2024-07-30T17:54:51","slug":"a-radiant-summer-at-fondation-cab-art-nature-and-warmth-in-saint-paul-de-vence","status":"publish","type":"post","link":"https:\/\/lesmaisonscab.com\/en\/a-radiant-summer-at-fondation-cab-art-nature-and-warmth-in-saint-paul-de-vence\/","title":{"rendered":"A Radiant Summer at Fondation CAB: Art, Nature, and Warmth in Saint-Paul de Vence"},"content":{"rendered":"<p>The atmosphere is family-friendly, with kids happily completing game booklets related to the current exhibitions: Edith Dekyndt's \"Specific Subjects\" and Muller Van Severen.<\/p><p>Greet Billet's new installation in the outdoor sculpture garden is drawing curiosity, beautifully reflecting the intense seasonal light.<\/p><p>Around the Jean Prouv\u00e9 House, Takis' works are as vibrant as the blooming water lilies among the papyrus.<\/p><p>The restaurant is often fully booked, garnering excellent reviews.<\/p><p>Gallery owners, patrons, and cultural directors are settling into their summer routines and visiting us, including Suzanne van Hagen, Charles Carmingnac, and Rodolphe Janssens.<\/p><p>Journalists have left Paris and other capitals for Mediterranean vacations, providing the perfect opportunity to organize press luncheons and subtly share some insights about the 2025 program.<\/p>","protected":false},"excerpt":{"rendered":"<p>L\u2019\u00e9t\u00e9 est bien install\u00e9 et le public de plus en plus nombreux et enthousiaste. Ambiance familiale avec des kids ravis de remplir les livrets de jeux autour des expositions du moment : Edith Dekyndt Specific Subjects et Muller Van Severen.<\/p>\n","protected":false},"author":2,"featured_media":1168,"comment_status":"closed","ping_status":"closed","sticky":false,"template":"","format":"standard","meta":{"_acf_changed":false,"footnotes":""},"categories":[1],"tags":[],"class_list":["post-1177","post","type-post","status-publish","format-standard","has-post-thumbnail","hentry","category-non-classifiee"],"acf":[],"yoast_head":"<!-- This site is optimized with the Yoast SEO plugin v27.2 - https:\/\/yoast.com\/product\/yoast-seo-wordpress\/ -->\n<title>A Radiant Summer at Fondation CAB: Art, Nature, and Warmth in Saint-Paul de Vence - Les Maisons CAB<\/title>\n<meta name=\"robots\" content=\"index, follow, max-snippet:-1, max-image-preview:large, max-video-preview:-1\" \/>\n<link rel=\"canonical\" href=\"https:\/\/lesmaisonscab.com\/en\/a-radiant-summer-at-fondation-cab-art-nature-and-warmth-in-saint-paul-de-vence\/\" \/>\n<meta property=\"og:locale\" content=\"en_US\" \/>\n<meta property=\"og:type\" content=\"article\" \/>\n<meta property=\"og:title\" content=\"A Radiant Summer at Fondation CAB: Art, Nature, and Warmth in Saint-Paul de Vence - Les Maisons CAB\" \/>\n<meta property=\"og:description\" content=\"L\u2019\u00e9t\u00e9 est bien install\u00e9 et le public de plus en plus nombreux et enthousiaste. Ambiance familiale avec des kids ravis de remplir les livrets de jeux autour des expositions du moment : Edith Dekyndt Specific Subjects et Muller Van Severen.\" \/>\n<meta property=\"og:url\" content=\"https:\/\/lesmaisonscab.com\/en\/a-radiant-summer-at-fondation-cab-art-nature-and-warmth-in-saint-paul-de-vence\/\" \/>\n<meta property=\"og:site_name\" content=\"Les Maisons CAB\" \/>\n<meta property=\"article:published_time\" content=\"2024-07-29T07:38:52+00:00\" \/>\n<meta property=\"article:modified_time\" content=\"2024-07-30T17:54:51+00:00\" \/>\n<meta property=\"og:image\" content=\"https:\/\/lesmaisonscab.com\/app\/uploads\/2024\/07\/li-1258-v2-sol-copy-1-scaled.webp\" \/>\n\t<meta property=\"og:image:width\" content=\"2560\" \/>\n\t<meta property=\"og:image:height\" content=\"2250\" \/>\n\t<meta property=\"og:image:type\" content=\"image\/webp\" \/>\n<meta name=\"author\" content=\"simon\" \/>\n<meta name=\"twitter:card\" content=\"summary_large_image\" \/>\n<meta name=\"twitter:label1\" content=\"Written by\" \/>\n\t<meta name=\"twitter:data1\" content=\"simon\" \/>\n\t<meta name=\"twitter:label2\" content=\"Est. reading time\" \/>\n\t<meta name=\"twitter:data2\" content=\"1 minute\" \/>\n<script type=\"application\/ld+json\" class=\"yoast-schema-graph\">{\"@context\":\"https:\/\/schema.org\",\"@graph\":[{\"@type\":\"Article\",\"@id\":\"https:\/\/lesmaisonscab.com\/en\/a-radiant-summer-at-fondation-cab-art-nature-and-warmth-in-saint-paul-de-vence\/#article\",\"isPartOf\":{\"@id\":\"https:\/\/lesmaisonscab.com\/en\/a-radiant-summer-at-fondation-cab-art-nature-and-warmth-in-saint-paul-de-vence\/\"},\"author\":{\"name\":\"simon\",\"@id\":\"https:\/\/lesmaisonscab.com\/en\/#\/schema\/person\/3bd317452b952f132453c150fcfe809f\"},\"headline\":\"A Radiant Summer at Fondation CAB: Art, Nature, and Warmth in Saint-Paul de Vence\",\"datePublished\":\"2024-07-29T07:38:52+00:00\",\"dateModified\":\"2024-07-30T17:54:51+00:00\",\"mainEntityOfPage\":{\"@id\":\"https:\/\/lesmaisonscab.com\/en\/a-radiant-summer-at-fondation-cab-art-nature-and-warmth-in-saint-paul-de-vence\/\"},\"wordCount\":134,\"publisher\":{\"@id\":\"https:\/\/lesmaisonscab.com\/en\/#organization\"},\"image\":{\"@id\":\"https:\/\/lesmaisonscab.com\/en\/a-radiant-summer-at-fondation-cab-art-nature-and-warmth-in-saint-paul-de-vence\/#primaryimage\"},\"thumbnailUrl\":\"https:\/\/lesmaisonscab.com\/app\/uploads\/2024\/07\/li-1258-v2-sol-copy-1-scaled.webp\",\"articleSection\":[\"Non classifi\u00e9(e)\"],\"inLanguage\":\"en-US\"},{\"@type\":\"WebPage\",\"@id\":\"https:\/\/lesmaisonscab.com\/en\/a-radiant-summer-at-fondation-cab-art-nature-and-warmth-in-saint-paul-de-vence\/\",\"url\":\"https:\/\/lesmaisonscab.com\/en\/a-radiant-summer-at-fondation-cab-art-nature-and-warmth-in-saint-paul-de-vence\/\",\"name\":\"A Radiant Summer at Fondation CAB: Art, Nature, and Warmth in Saint-Paul de Vence - Les Maisons CAB\",\"isPartOf\":{\"@id\":\"https:\/\/lesmaisonscab.com\/en\/#website\"},\"primaryImageOfPage\":{\"@id\":\"https:\/\/lesmaisonscab.com\/en\/a-radiant-summer-at-fondation-cab-art-nature-and-warmth-in-saint-paul-de-vence\/#primaryimage\"},\"image\":{\"@id\":\"https:\/\/lesmaisonscab.com\/en\/a-radiant-summer-at-fondation-cab-art-nature-and-warmth-in-saint-paul-de-vence\/#primaryimage\"},\"thumbnailUrl\":\"https:\/\/lesmaisonscab.com\/app\/uploads\/2024\/07\/li-1258-v2-sol-copy-1-scaled.webp\",\"datePublished\":\"2024-07-29T07:38:52+00:00\",\"dateModified\":\"2024-07-30T17:54:51+00:00\",\"breadcrumb\":{\"@id\":\"https:\/\/lesmaisonscab.com\/en\/a-radiant-summer-at-fondation-cab-art-nature-and-warmth-in-saint-paul-de-vence\/#breadcrumb\"},\"inLanguage\":\"en-US\",\"potentialAction\":[{\"@type\":\"ReadAction\",\"target\":[\"https:\/\/lesmaisonscab.com\/en\/a-radiant-summer-at-fondation-cab-art-nature-and-warmth-in-saint-paul-de-vence\/\"]}]},{\"@type\":\"ImageObject\",\"inLanguage\":\"en-US\",\"@id\":\"https:\/\/lesmaisonscab.com\/en\/a-radiant-summer-at-fondation-cab-art-nature-and-warmth-in-saint-paul-de-vence\/#primaryimage\",\"url\":\"https:\/\/lesmaisonscab.com\/app\/uploads\/2024\/07\/li-1258-v2-sol-copy-1-scaled.webp\",\"contentUrl\":\"https:\/\/lesmaisonscab.com\/app\/uploads\/2024\/07\/li-1258-v2-sol-copy-1-scaled.webp\",\"width\":2560,\"height\":2250},{\"@type\":\"BreadcrumbList\",\"@id\":\"https:\/\/lesmaisonscab.com\/en\/a-radiant-summer-at-fondation-cab-art-nature-and-warmth-in-saint-paul-de-vence\/#breadcrumb\",\"itemListElement\":[{\"@type\":\"ListItem\",\"position\":1,\"name\":\"Home\",\"item\":\"https:\/\/lesmaisonscab.com\/en\/\"},{\"@type\":\"ListItem\",\"position\":2,\"name\":\"A Radiant Summer at Fondation CAB: Art, Nature, and Warmth in Saint-Paul de Vence\"}]},{\"@type\":\"WebSite\",\"@id\":\"https:\/\/lesmaisonscab.com\/en\/#website\",\"url\":\"https:\/\/lesmaisonscab.com\/en\/\",\"name\":\"Les Maisons CAB\",\"description\":\"R\u00e9sidences d&#039;exception, art et raffinement\",\"publisher\":{\"@id\":\"https:\/\/lesmaisonscab.com\/en\/#organization\"},\"potentialAction\":[{\"@type\":\"SearchAction\",\"target\":{\"@type\":\"EntryPoint\",\"urlTemplate\":\"https:\/\/lesmaisonscab.com\/en\/?s={search_term_string}\"},\"query-input\":{\"@type\":\"PropertyValueSpecification\",\"valueRequired\":true,\"valueName\":\"search_term_string\"}}],\"inLanguage\":\"en-US\"},{\"@type\":\"Organization\",\"@id\":\"https:\/\/lesmaisonscab.com\/en\/#organization\",\"name\":\"Les Maisons CAB\",\"url\":\"https:\/\/lesmaisonscab.com\/en\/\",\"logo\":{\"@type\":\"ImageObject\",\"inLanguage\":\"en-US\",\"@id\":\"https:\/\/lesmaisonscab.com\/en\/#\/schema\/logo\/image\/\",\"url\":\"https:\/\/lesmaisonscab.com\/app\/uploads\/2024\/06\/logo-noir.png\",\"contentUrl\":\"https:\/\/lesmaisonscab.com\/app\/uploads\/2024\/06\/logo-noir.png\",\"width\":1035,\"height\":546,\"caption\":\"Les Maisons CAB\"},\"image\":{\"@id\":\"https:\/\/lesmaisonscab.com\/en\/#\/schema\/logo\/image\/\"},\"sameAs\":[\"https:\/\/www.instagram.com\/lesmaisonscab\/\"]},{\"@type\":\"Person\",\"@id\":\"https:\/\/lesmaisonscab.com\/en\/#\/schema\/person\/3bd317452b952f132453c150fcfe809f\",\"name\":\"simon\",\"image\":{\"@type\":\"ImageObject\",\"inLanguage\":\"en-US\",\"@id\":\"https:\/\/secure.gravatar.com\/avatar\/eebc0f03c1a6b0511248d46a15165afe271c96d7336a54976893ebce6c5257a6?s=96&d=mm&r=g\",\"url\":\"https:\/\/secure.gravatar.com\/avatar\/eebc0f03c1a6b0511248d46a15165afe271c96d7336a54976893ebce6c5257a6?s=96&d=mm&r=g\",\"contentUrl\":\"https:\/\/secure.gravatar.com\/avatar\/eebc0f03c1a6b0511248d46a15165afe271c96d7336a54976893ebce6c5257a6?s=96&d=mm&r=g\",\"caption\":\"simon\"}}]}<\/script>\n<!-- \/ Yoast SEO plugin. -->","yoast_head_json":{"title":"A Radiant Summer at Fondation CAB: Art, Nature, and Warmth in Saint-Paul de Vence - Les Maisons CAB","robots":{"index":"index","follow":"follow","max-snippet":"max-snippet:-1","max-image-preview":"max-image-preview:large","max-video-preview":"max-video-preview:-1"},"canonical":"https:\/\/lesmaisonscab.com\/en\/a-radiant-summer-at-fondation-cab-art-nature-and-warmth-in-saint-paul-de-vence\/","og_locale":"en_US","og_type":"article","og_title":"A Radiant Summer at Fondation CAB: Art, Nature, and Warmth in Saint-Paul de Vence - Les Maisons CAB","og_description":"L\u2019\u00e9t\u00e9 est bien install\u00e9 et le public de plus en plus nombreux et enthousiaste. Ambiance familiale avec des kids ravis de remplir les livrets de jeux autour des expositions du moment : Edith Dekyndt Specific Subjects et Muller Van Severen.","og_url":"https:\/\/lesmaisonscab.com\/en\/a-radiant-summer-at-fondation-cab-art-nature-and-warmth-in-saint-paul-de-vence\/","og_site_name":"Les Maisons CAB","article_published_time":"2024-07-29T07:38:52+00:00","article_modified_time":"2024-07-30T17:54:51+00:00","og_image":[{"width":2560,"height":2250,"url":"https:\/\/lesmaisonscab.com\/app\/uploads\/2024\/07\/li-1258-v2-sol-copy-1-scaled.webp","type":"image\/webp"}],"author":"simon","twitter_card":"summary_large_image","twitter_misc":{"Written by":"simon","Est. reading time":"1 minute"},"schema":{"@context":"https:\/\/schema.org","@graph":[{"@type":"Article","@id":"https:\/\/lesmaisonscab.com\/en\/a-radiant-summer-at-fondation-cab-art-nature-and-warmth-in-saint-paul-de-vence\/#article","isPartOf":{"@id":"https:\/\/lesmaisonscab.com\/en\/a-radiant-summer-at-fondation-cab-art-nature-and-warmth-in-saint-paul-de-vence\/"},"author":{"name":"simon","@id":"https:\/\/lesmaisonscab.com\/en\/#\/schema\/person\/3bd317452b952f132453c150fcfe809f"},"headline":"A Radiant Summer at Fondation CAB: Art, Nature, and Warmth in Saint-Paul de Vence","datePublished":"2024-07-29T07:38:52+00:00","dateModified":"2024-07-30T17:54:51+00:00","mainEntityOfPage":{"@id":"https:\/\/lesmaisonscab.com\/en\/a-radiant-summer-at-fondation-cab-art-nature-and-warmth-in-saint-paul-de-vence\/"},"wordCount":134,"publisher":{"@id":"https:\/\/lesmaisonscab.com\/en\/#organization"},"image":{"@id":"https:\/\/lesmaisonscab.com\/en\/a-radiant-summer-at-fondation-cab-art-nature-and-warmth-in-saint-paul-de-vence\/#primaryimage"},"thumbnailUrl":"https:\/\/lesmaisonscab.com\/app\/uploads\/2024\/07\/li-1258-v2-sol-copy-1-scaled.webp","articleSection":["Non classifi\u00e9(e)"],"inLanguage":"en-US"},{"@type":"WebPage","@id":"https:\/\/lesmaisonscab.com\/en\/a-radiant-summer-at-fondation-cab-art-nature-and-warmth-in-saint-paul-de-vence\/","url":"https:\/\/lesmaisonscab.com\/en\/a-radiant-summer-at-fondation-cab-art-nature-and-warmth-in-saint-paul-de-vence\/","name":"A Radiant Summer at Fondation CAB: Art, Nature, and Warmth in Saint-Paul de Vence - Les Maisons CAB","isPartOf":{"@id":"https:\/\/lesmaisonscab.com\/en\/#website"},"primaryImageOfPage":{"@id":"https:\/\/lesmaisonscab.com\/en\/a-radiant-summer-at-fondation-cab-art-nature-and-warmth-in-saint-paul-de-vence\/#primaryimage"},"image":{"@id":"https:\/\/lesmaisonscab.com\/en\/a-radiant-summer-at-fondation-cab-art-nature-and-warmth-in-saint-paul-de-vence\/#primaryimage"},"thumbnailUrl":"https:\/\/lesmaisonscab.com\/app\/uploads\/2024\/07\/li-1258-v2-sol-copy-1-scaled.webp","datePublished":"2024-07-29T07:38:52+00:00","dateModified":"2024-07-30T17:54:51+00:00","breadcrumb":{"@id":"https:\/\/lesmaisonscab.com\/en\/a-radiant-summer-at-fondation-cab-art-nature-and-warmth-in-saint-paul-de-vence\/#breadcrumb"},"inLanguage":"en-US","potentialAction":[{"@type":"ReadAction","target":["https:\/\/lesmaisonscab.com\/en\/a-radiant-summer-at-fondation-cab-art-nature-and-warmth-in-saint-paul-de-vence\/"]}]},{"@type":"ImageObject","inLanguage":"en-US","@id":"https:\/\/lesmaisonscab.com\/en\/a-radiant-summer-at-fondation-cab-art-nature-and-warmth-in-saint-paul-de-vence\/#primaryimage","url":"https:\/\/lesmaisonscab.com\/app\/uploads\/2024\/07\/li-1258-v2-sol-copy-1-scaled.webp","contentUrl":"https:\/\/lesmaisonscab.com\/app\/uploads\/2024\/07\/li-1258-v2-sol-copy-1-scaled.webp","width":2560,"height":2250},{"@type":"BreadcrumbList","@id":"https:\/\/lesmaisonscab.com\/en\/a-radiant-summer-at-fondation-cab-art-nature-and-warmth-in-saint-paul-de-vence\/#breadcrumb","itemListElement":[{"@type":"ListItem","position":1,"name":"Home","item":"https:\/\/lesmaisonscab.com\/en\/"},{"@type":"ListItem","position":2,"name":"A Radiant Summer at Fondation CAB: Art, Nature, and Warmth in Saint-Paul de Vence"}]},{"@type":"WebSite","@id":"https:\/\/lesmaisonscab.com\/en\/#website","url":"https:\/\/lesmaisonscab.com\/en\/","name":"Les Maisons CAB","description":"R\u00e9sidences d&#039;exception, art et raffinement","publisher":{"@id":"https:\/\/lesmaisonscab.com\/en\/#organization"},"potentialAction":[{"@type":"SearchAction","target":{"@type":"EntryPoint","urlTemplate":"https:\/\/lesmaisonscab.com\/en\/?s={search_term_string}"},"query-input":{"@type":"PropertyValueSpecification","valueRequired":true,"valueName":"search_term_string"}}],"inLanguage":"en-US"},{"@type":"Organization","@id":"https:\/\/lesmaisonscab.com\/en\/#organization","name":"Les Maisons CAB","url":"https:\/\/lesmaisonscab.com\/en\/","logo":{"@type":"ImageObject","inLanguage":"en-US","@id":"https:\/\/lesmaisonscab.com\/en\/#\/schema\/logo\/image\/","url":"https:\/\/lesmaisonscab.com\/app\/uploads\/2024\/06\/logo-noir.png","contentUrl":"https:\/\/lesmaisonscab.com\/app\/uploads\/2024\/06\/logo-noir.png","width":1035,"height":546,"caption":"Les Maisons CAB"},"image":{"@id":"https:\/\/lesmaisonscab.com\/en\/#\/schema\/logo\/image\/"},"sameAs":["https:\/\/www.instagram.com\/lesmaisonscab\/"]},{"@type":"Person","@id":"https:\/\/lesmaisonscab.com\/en\/#\/schema\/person\/3bd317452b952f132453c150fcfe809f","name":"simon","image":{"@type":"ImageObject","inLanguage":"en-US","@id":"https:\/\/secure.gravatar.com\/avatar\/eebc0f03c1a6b0511248d46a15165afe271c96d7336a54976893ebce6c5257a6?s=96&d=mm&r=g","url":"https:\/\/secure.gravatar.com\/avatar\/eebc0f03c1a6b0511248d46a15165afe271c96d7336a54976893ebce6c5257a6?s=96&d=mm&r=g","contentUrl":"https:\/\/secure.gravatar.com\/avatar\/eebc0f03c1a6b0511248d46a15165afe271c96d7336a54976893ebce6c5257a6?s=96&d=mm&r=g","caption":"simon"}}]}},"_links":{"self":[{"href":"https:\/\/lesmaisonscab.com\/en\/wp-json\/wp\/v2\/posts\/1177","targetHints":{"allow":["GET"]}}],"collection":[{"href":"https:\/\/lesmaisonscab.com\/en\/wp-json\/wp\/v2\/posts"}],"about":[{"href":"https:\/\/lesmaisonscab.com\/en\/wp-json\/wp\/v2\/types\/post"}],"author":[{"embeddable":true,"href":"https:\/\/lesmaisonscab.com\/en\/wp-json\/wp\/v2\/users\/2"}],"replies":[{"embeddable":true,"href":"https:\/\/lesmaisonscab.com\/en\/wp-json\/wp\/v2\/comments?post=1177"}],"version-history":[{"count":2,"href":"https:\/\/lesmaisonscab.com\/en\/wp-json\/wp\/v2\/posts\/1177\/revisions"}],"predecessor-version":[{"id":1226,"href":"https:\/\/lesmaisonscab.com\/en\/wp-json\/wp\/v2\/posts\/1177\/revisions\/1226"}],"wp:featuredmedia":[{"embeddable":true,"href":"https:\/\/lesmaisonscab.com\/en\/wp-json\/wp\/v2\/media\/1168"}],"wp:attachment":[{"href":"https:\/\/lesmaisonscab.com\/en\/wp-json\/wp\/v2\/media?parent=1177"}],"wp:term":[{"taxonomy":"category","embeddable":true,"href":"https:\/\/lesmaisonscab.com\/en\/wp-json\/wp\/v2\/categories?post=1177"},{"taxonomy":"post_tag","embeddable":true,"href":"https:\/\/lesmaisonscab.com\/en\/wp-json\/wp\/v2\/tags?post=1177"}],"curies":[{"name":"wp","href":"https:\/\/api.w.org\/{rel}","templated":true}]}}